{"id":6,"date":"2024-02-17T08:02:14","date_gmt":"2024-02-17T07:02:14","guid":{"rendered":"http:\/\/ofcj.org\/?p=6"},"modified":"2024-02-17T08:02:14","modified_gmt":"2024-02-17T07:02:14","slug":"ofcj-office-franco-cubain-pour-la-jeunesse-3","status":"publish","type":"post","link":"https:\/\/ofcj.org\/?p=6","title":{"rendered":"OFCJ &#8211; Office Franco Cubain pour la jeunesse"},"content":{"rendered":"<p>L&rsquo;Office Franco Cubain pour la jeunesse (OFCJ) a pour mission de promouvoir les \u00e9changes interculturels, l&rsquo;apprentissage linguistique et le d\u00e9veloppement de projets communs entre les jeunes Cubains et Fran\u00e7ais. Gr\u00e2ce \u00e0 une vari\u00e9t\u00e9 de programmes, d&rsquo;ateliers, de rencontres et de projets collaboratifs, nous travaillons \u00e0 construire des ponts entre nos deux cultures, favorisant ainsi une meilleure compr\u00e9hension et un respect mutuel.<\/p>\n<p>Notre objectif principal est de cr\u00e9er des opportunit\u00e9s pour les jeunes Cubains et Fran\u00e7ais de se rencontrer, de partager leurs exp\u00e9riences et de d\u00e9velopper des projets ensemble. Nous croyons fermement que l&rsquo;\u00e9change interculturel est une source d&rsquo;enrichissement personnel et de d\u00e9veloppement professionnel. En facilitant ces \u00e9changes, nous esp\u00e9rons contribuer \u00e0 la construction d&rsquo;un monde plus ouvert et inclusif.<\/p>\n<p>Nos programmes comprennent des \u00e9changes linguistiques, des stages professionnels, des projets artistiques et culturels, ainsi que des initiatives de d\u00e9veloppement durable. Nous offrons \u00e9galement des bourses d&rsquo;\u00e9tudes et des subventions pour soutenir les jeunes dans leurs projets et leurs aspirations.<\/p>\n<p>Les \u00e9changes linguistiques sont l&rsquo;un de nos principaux axes de travail. Nous organisons des s\u00e9jours linguistiques en France pour les jeunes Cubains d\u00e9sireux d&rsquo;am\u00e9liorer leur ma\u00eetrise de la langue fran\u00e7aise. Ces s\u00e9jours offrent une immersion totale dans la culture fran\u00e7aise et permettent aux participants de pratiquer la langue au quotidien, tout en d\u00e9couvrant le patrimoine et les traditions du pays.<\/p>\n<p>Nous encourageons \u00e9galement les jeunes Fran\u00e7ais \u00e0 venir \u00e0 Cuba pour apprendre l&rsquo;espagnol et d\u00e9couvrir la richesse de la culture cubaine. Les participants ont l&rsquo;opportunit\u00e9 de suivre des cours de langue, de participer \u00e0 des activit\u00e9s culturelles et de vivre avec des familles d&rsquo;accueil cubaines. Ces exp\u00e9riences permettent aux jeunes de d\u00e9velopper leurs comp\u00e9tences linguistiques tout en s&rsquo;immergeant dans la vie quotidienne de Cuba.<\/p>\n<p>En plus des \u00e9changes linguistiques, nous organisons des stages professionnels dans divers secteurs tels que l&rsquo;art, la musique, le cin\u00e9ma, le sport et le d\u00e9veloppement durable. Ces stages offrent aux jeunes l&rsquo;opportunit\u00e9 d&rsquo;acqu\u00e9rir une exp\u00e9rience pratique dans leur domaine d&rsquo;int\u00e9r\u00eat, tout en d\u00e9couvrant une nouvelle culture et en \u00e9tablissant des liens avec des professionnels locaux.<\/p>\n<p>Nous encourageons \u00e9galement les jeunes \u00e0 d\u00e9velopper des projets artistiques et culturels en collaboration avec des partenaires cubains. Ces projets peuvent prendre la forme d&rsquo;expositions, de performances, de festivals ou de productions artistiques. Nous offrons un soutien financier et logistique pour aider les jeunes \u00e0 concr\u00e9tiser leurs id\u00e9es et \u00e0 partager leur talent avec le public cubain.<\/p>\n<p>Enfin, nous sommes engag\u00e9s dans des initiatives de d\u00e9veloppement durable, en travaillant avec des organisations locales pour promouvoir des pratiques respectueuses de l&rsquo;environnement et soutenir les communaut\u00e9s locales. Nous encourageons les jeunes \u00e0 s&rsquo;impliquer dans des projets de pr\u00e9servation de l&rsquo;environnement, de promotion des \u00e9nergies renouvelables et de sensibilisation \u00e0 la protection de la biodiversit\u00e9.<\/p>\n<p>L&rsquo;Office Franco Cubain pour la jeunesse est un lieu d&rsquo;\u00e9change, de partage et de d\u00e9couverte pour les jeunes Cubains et Fran\u00e7ais. Nous croyons en la force de la jeunesse et en son potentiel pour construire un avenir meilleur. Rejoignez-nous dans cette aventure interculturelle et contribuez \u00e0 la construction de ponts entre nos deux pays.<\/p>\n","protected":false},"excerpt":{"rendered":"<p>L&rsquo;Office Franco Cubain pour la jeunesse (OFCJ) a pour mission de promouvoir les \u00e9changes interculturels, l&rsquo;apprentissage linguistique et le d\u00e9veloppement de projets communs entre les jeunes Cubains et Fran\u00e7ais. Gr\u00e2ce \u00e0 une vari\u00e9t\u00e9 de programmes, d&rsquo;ateliers, de rencontres et de projets collaboratifs, nous travaillons \u00e0 construire des ponts entre nos deux cultures, favorisant ainsi une [&hellip;]<\/p>\n","protected":false},"author":1,"featured_media":0,"comment_status":"open","ping_status":"open","sticky":false,"template":"","format":"standard","meta":{"_et_pb_use_builder":"","_et_pb_old_content":"","_et_gb_content_width":"","_monsterinsights_skip_tracking":false,"_monsterinsights_sitenote_active":false,"_monsterinsights_sitenote_note":"","_monsterinsights_sitenote_category":0,"footnotes":""},"categories":[1],"tags":[],"aioseo_notices":[],"_links":{"self":[{"href":"https:\/\/ofcj.org\/index.php?rest_route=\/wp\/v2\/posts\/6"}],"collection":[{"href":"https:\/\/ofcj.org\/index.php?rest_route=\/wp\/v2\/posts"}],"about":[{"href":"https:\/\/ofcj.org\/index.php?rest_route=\/wp\/v2\/types\/post"}],"author":[{"embeddable":true,"href":"https:\/\/ofcj.org\/index.php?rest_route=\/wp\/v2\/users\/1"}],"replies":[{"embeddable":true,"href":"https:\/\/ofcj.org\/index.php?rest_route=%2Fwp%2Fv2%2Fcomments&post=6"}],"version-history":[{"count":0,"href":"https:\/\/ofcj.org\/index.php?rest_route=\/wp\/v2\/posts\/6\/revisions"}],"wp:attachment":[{"href":"https:\/\/ofcj.org\/index.php?rest_route=%2Fwp%2Fv2%2Fmedia&parent=6"}],"wp:term":[{"taxonomy":"category","embeddable":true,"href":"https:\/\/ofcj.org\/index.php?rest_route=%2Fwp%2Fv2%2Fcategories&post=6"},{"taxonomy":"post_tag","embeddable":true,"href":"https:\/\/ofcj.org\/index.php?rest_route=%2Fwp%2Fv2%2Ftags&post=6"}],"curies":[{"name":"wp","href":"https:\/\/api.w.org\/{rel}","templated":true}]}}